[{"@context":"https:\/\/schema.org\/","@type":"Article","@id":"https:\/\/www.rkair.sk\/ohen-v-dazdovom-pralese-ok-ale-doma-ho-nechcem\/#Article","mainEntityOfPage":"https:\/\/www.rkair.sk\/ohen-v-dazdovom-pralese-ok-ale-doma-ho-nechcem\/","headline":"Ohe\u0148 v da\u017e\u010fovom pralese? Ok, ale doma ho nechcem!","name":"Ohe\u0148 v da\u017e\u010fovom pralese? Ok, ale doma ho nechcem!","description":"Da\u017e\u010fov\u00e9 pralesy s\u00fa nie\u010do, o \u010dom po\u010d\u00favame z telev\u00edzie, r\u00e1di\u00e1 alebo in\u00fdch medi\u00e1lnych prostriedkov, ktor\u00e9 n\u00e1m sprostredk\u00favaj\u00fa inform\u00e1cie z cel\u00e9ho sveta priamo domov. Z\u00e1le\u017e\u00ed len od samotn\u00fdch m\u00e9di\u00ed, aby n\u00e1m vykreslili ur\u010dit\u00fd obraz o t\u00fdchto skuto\u010dnostiach. Niekedy ani nemus\u00ed by\u0165 dan\u00e1 vec tak\u00e1 ako ju ony vykreslia, ale napriek tomu si v\u00e4\u010d\u0161ina \u013eudstva mysl\u00ed pr\u00e1ve...<p class=\"more-link-wrap\"><a href=\"https:\/\/www.rkair.sk\/ohen-v-dazdovom-pralese-ok-ale-doma-ho-nechcem\/\" class=\"more-link\">Pre\u010d\u00edta\u0165<span class=\"screen-reader-text\"> &ldquo;Ohe\u0148 v da\u017e\u010fovom pralese? Ok, ale doma ho nechcem!&rdquo;<\/span> &raquo;<\/a><\/p>","datePublished":"2020-07-10","dateModified":"2020-07-10","author":{"@type":"Person","@id":"https:\/\/www.rkair.sk\/author\/devene\/#Person","name":"devene","url":"https:\/\/www.rkair.sk\/author\/devene\/","identifier":1,"image":{"@type":"ImageObject","@id":"https:\/\/secure.gravatar.com\/avatar\/56990d361a15c60249588fcd5c65556d1c39f993ac5e20b5abce42fd817b46e8?s=96&d=mm&r=g","url":"https:\/\/secure.gravatar.com\/avatar\/56990d361a15c60249588fcd5c65556d1c39f993ac5e20b5abce42fd817b46e8?s=96&d=mm&r=g","height":96,"width":96}},"publisher":{"@type":"Organization","name":"rkair.sk","logo":{"@type":"ImageObject","@id":"\/logo.png","url":"\/logo.png","width":600,"height":60}},"image":{"@type":"ImageObject","@id":"https:\/\/www.rkair.sk\/wp-content\/uploads\/fire-2914766_1920.jpg","url":"https:\/\/www.rkair.sk\/wp-content\/uploads\/fire-2914766_1920.jpg","height":0,"width":0},"url":"https:\/\/www.rkair.sk\/ohen-v-dazdovom-pralese-ok-ale-doma-ho-nechcem\/","about":["Auto"],"wordCount":415,"articleBody":"   Da\u017e\u010fov\u00e9 pralesy s\u00fa nie\u010do, o \u010dom po\u010d\u00favame z telev\u00edzie, r\u00e1di\u00e1 alebo in\u00fdch medi\u00e1lnych prostriedkov, ktor\u00e9 n\u00e1m sprostredk\u00favaj\u00fa inform\u00e1cie z cel\u00e9ho sveta priamo domov. Z\u00e1le\u017e\u00ed len od samotn\u00fdch m\u00e9di\u00ed, aby n\u00e1m vykreslili ur\u010dit\u00fd obraz o t\u00fdchto skuto\u010dnostiach. Niekedy ani nemus\u00ed by\u0165 dan\u00e1 vec tak\u00e1 ako ju ony vykreslia, ale napriek tomu si v\u00e4\u010d\u0161ina \u013eudstva mysl\u00ed pr\u00e1ve to, \u010do n\u00e1m pods\u00favaj\u00fa m\u00e9di\u00e1. To je u\u017e ale na dlh\u0161iu debatu.Da\u017e\u010fov\u00e9 pralesy horia takmer ka\u017ed\u00fd rok na r\u00f4znych miestach. Keby sme si zobrali literat\u00faru a pozreli sa na t\u00fato problematiku zistili by sme, \u017ee tak\u00fd ohe\u0148 v da\u017e\u010fovom pralese je celkom u\u017eito\u010dn\u00e1 vec. Je to prirodzen\u00fd proces obnovy danej pr\u00edrody, ke\u010f ju zachv\u00e1ti po\u017eiar. Vysievaj\u00fa sa semia\u010dka len pri t\u00fdchto po\u017eiaroch a to zabezpe\u010d\u00ed, \u017ee aj napriek tomu, \u017ee dan\u00e9 stromy zhoria, tak na tom mieste vyrast\u00fa nov\u00e9 stromy, tak\u017ee pr\u00edroda sa obnov\u00ed aj sama bez z\u00e1sahu \u010dloveka. \u010clovek si o sebe mysl\u00ed, \u017ee je na vrchole v\u0161etk\u00e9ho, ale bez n\u00e1s by to tu v mnoh\u00fdch oh\u013eadoch fungovalo mo\u017eno e\u0161te ove\u013ea lep\u0161ie ako s nami.Ke\u010f sa o tom v\u0161etkom informujeme, tak je to pre n\u00e1s st\u00e1le len vzdialen\u00e1 realita, ktor\u00e1 sa n\u00e1s osobne net\u00fdka. Ohe\u0148 je tam, stra\u0161\u00ed n\u00e1s to, ale vraj je to prirodzen\u00e9, tak sa trochu upokoj\u00edme. No, doma by sme rozhodne tento ohe\u0148 nepriv\u00edtali s rados\u0165ou. Preto existuj\u00fa protipo\u017eiarne syst\u00e9my, aby n\u00e1s ochr\u00e1nili pred t\u00fdmto nev\u00edtan\u00fdm spolo\u010dn\u00edkom, ktor\u00e9ho si nikto z n\u00e1s nepraje. Mo\u017eno da\u017e\u010fov\u00fdm pralesom pom\u00e1ha, no n\u00e1m by zni\u010dil v\u0161etko, \u010do sme si tak \u0165a\u017eko vybudovali. Zo \u017eiadnych semia\u010dok sa toti\u017e ned\u00e1 vypestova\u0165 n\u00e1bytok, podlahy, na\u0161e fotografie alebo hoci\u010do, \u010do sa u n\u00e1s nach\u00e1dza. V\u0161etko by sme stratili v okamihu a bolo by to nen\u00e1vratne pre\u010d. Tak\u00e9 nie\u010do si nem\u00f4\u017ee nikto z n\u00e1s dovoli\u0165 a preto tomu treba jednozna\u010dne predch\u00e1dza\u0165, aby sme neplakali, ke\u010f u\u017e bude neskoro. Potom u\u017e ni\u010d nezachr\u00e1nime svojimi slzami, iba zbyto\u010dne budeme plytva\u0165 svojou energiou, ktor\u00fa budeme tak, \u010di tak musie\u0165 vrazi\u0165 do nov\u00e9ho.                                                                                                                                                                                                                                                                                                                                                                                                   "},{"@context":"https:\/\/schema.org\/","@type":"BreadcrumbList","itemListElement":[{"@type":"ListItem","position":1,"name":"Ohe\u0148 v da\u017e\u010fovom pralese? Ok, ale doma ho nechcem!","item":"https:\/\/www.rkair.sk\/ohen-v-dazdovom-pralese-ok-ale-doma-ho-nechcem\/#breadcrumbitem"}]}]