[{"@context":"https:\/\/schema.org\/","@type":"Article","@id":"https:\/\/www.rkair.sk\/dokumentarny-film-ako-moznost-spoznat-kulturnu-diverzitu\/#Article","mainEntityOfPage":"https:\/\/www.rkair.sk\/dokumentarny-film-ako-moznost-spoznat-kulturnu-diverzitu\/","headline":"Dokument\u00e1rny film ako mo\u017enos\u0165 spozna\u0165 kult\u00farnu diverzitu","name":"Dokument\u00e1rny film ako mo\u017enos\u0165 spozna\u0165 kult\u00farnu diverzitu","description":"Vedzme, \u017ee ani dnes sa nenach\u00e1dzame v nedoh\u013eadne dn\u00ed pln\u00fdch trag\u00e9die, kedy sa \u013eudstvo namiesto multikult\u00farnej konfigur\u00e1cie rozhodlo vies\u0165 permanentn\u00fd boj so v\u0161etk\u00fdm, \u010do mu bolo cudzie, nezn\u00e1me a teda automaticky nev\u00edtan\u00e9 a nechcen\u00e9. Strastipln\u00e9 prelievanie krvi sa stalo pilierom v\u0161edn\u00fdch dn\u00ed, zatia\u013e \u010do kult\u00farna asimil\u00e1cia sa odsunula do z\u00f3ny nepoznania. Po\u013eutovaniahodn\u00fd \u010din, ktor\u00fd si...<p class=\"more-link-wrap\"><a href=\"https:\/\/www.rkair.sk\/dokumentarny-film-ako-moznost-spoznat-kulturnu-diverzitu\/\" class=\"more-link\">Pre\u010d\u00edta\u0165<span class=\"screen-reader-text\"> &ldquo;Dokument\u00e1rny film ako mo\u017enos\u0165 spozna\u0165 kult\u00farnu diverzitu&rdquo;<\/span> &raquo;<\/a><\/p>","datePublished":"2018-12-12","dateModified":"2018-12-12","author":{"@type":"Person","@id":"https:\/\/www.rkair.sk\/author\/devene\/#Person","name":"devene","url":"https:\/\/www.rkair.sk\/author\/devene\/","identifier":1,"image":{"@type":"ImageObject","@id":"https:\/\/secure.gravatar.com\/avatar\/56990d361a15c60249588fcd5c65556d1c39f993ac5e20b5abce42fd817b46e8?s=96&d=mm&r=g","url":"https:\/\/secure.gravatar.com\/avatar\/56990d361a15c60249588fcd5c65556d1c39f993ac5e20b5abce42fd817b46e8?s=96&d=mm&r=g","height":96,"width":96}},"publisher":{"@type":"Organization","name":"rkair.sk","logo":{"@type":"ImageObject","@id":"\/logo.png","url":"\/logo.png","width":600,"height":60}},"image":{"@type":"ImageObject","@id":"https:\/\/www.rkair.sk\/wp-content\/uploads\/img_a296722_w16767_t1549984697.jpg","url":"https:\/\/www.rkair.sk\/wp-content\/uploads\/img_a296722_w16767_t1549984697.jpg","height":0,"width":0},"url":"https:\/\/www.rkair.sk\/dokumentarny-film-ako-moznost-spoznat-kulturnu-diverzitu\/","wordCount":569,"articleBody":"Vedzme, \u017ee ani dnes sa nenach\u00e1dzame v nedoh\u013eadne dn\u00ed pln\u00fdch trag\u00e9die, kedy sa \u013eudstvo namiesto multikult\u00farnej konfigur\u00e1cie rozhodlo vies\u0165 permanentn\u00fd boj so v\u0161etk\u00fdm, \u010do mu bolo cudzie, nezn\u00e1me a teda automaticky nev\u00edtan\u00e9 a nechcen\u00e9. Strastipln\u00e9 prelievanie krvi sa stalo pilierom v\u0161edn\u00fdch dn\u00ed, zatia\u013e \u010do kult\u00farna asimil\u00e1cia sa odsunula do z\u00f3ny nepoznania. Po\u013eutovaniahodn\u00fd \u010din, ktor\u00fd si \u013eudstvo dovolilo nie raz za rozsiahlu \u00e9ru naroden\u00ed a \u00famrt\u00ed vykona\u0165.\u00a0\u00a0\u00a0\u00a0\u00a0\u00a0\u00a0\u00a0\u00a0\u00a0\u00a0\u00a0 Nie\u017eeby tomu nebolo tak i dnes. Toti\u017e v momente, ke\u010f sa Eur\u00f3pan rozhodne namieri\u0165 poh\u013eadom na Bl\u00edzky v\u00fdchod, vtrhn\u00fa\u0165 my\u0161lienkou do nepretr\u017eite bombardovanej S\u00fdrie alebo len jedinou reflexiou zakotvi\u0165 na rozhran\u00ed dvoch kraj\u00edn americk\u00e9ho kontinentu \u2013 USA a Mexika, uvedom\u00ed si, \u017ee sp\u00f4sob segreg\u00e1cie ako z\u00e1mern\u00e9 odde\u013eovanie r\u00f4znorod\u00fdch kult\u00far je st\u00e1le pr\u00edtomn\u00e9, a to z\u00farivo a besne.\u00a0\u00a0\u00a0\u00a0\u00a0\u00a0\u00a0\u00a0\u00a0\u00a0\u00a0\u00a0 Pri poh\u013eade na t\u00fa sp\u00fa\u0161\u0165 zanechan\u00fa v osamotenom kraji po v\u00fdpaloch diel a disharmonickej symf\u00f3nii zbran\u00ed, po neust\u00e1le sa zvy\u0161uj\u00facom pla\u010di det\u00ed a bez\u00fate\u0161nom kriku ich bezradn\u00fdch matiek, sme n\u00faten\u00ed skon\u0161tatova\u0165 zrete\u013en\u00fd paradox dne\u0161n\u00fdch dn\u00ed: zatia\u013e \u010do jedni vidite\u013ene trpia v nepomenovate\u013ene bolestivom o\u0161iali rozvr\u00e1ten\u00fdch kult\u00far, druh\u00ed sa sna\u017eia o nach\u00e1dzanie ich kr\u00e1sy. Kr\u00e1sy, ktor\u00e1 sa rod\u00ed v momente, ke\u010f Nemec prekra\u010duje hranicu veden\u00fa Uralom a naraz sa ocit\u00e1 v \u00c1zii; v momente, ke\u010f sa Franc\u00faz zrieka svojej n\u00e1rodnej hrdosti, len aby sa pribl\u00ed\u017eil k doj\u00edmav\u00e9mu stretu s t\u00fdmi, ktor\u00fdch \u00fazemia pred nieko\u013ek\u00fdmi storo\u010diami\u00a0 kolonizoval; v momente, kedy sa Ameri\u010dan rozhodne namiesto vojensk\u00fdch jednotiek vsun\u00fa\u0165 na \u00fazemie Iraku pochopenie.\u00a0\u00a0\u00a0\u00a0\u00a0\u00a0\u00a0\u00a0\u00a0\u00a0\u00a0\u00a0 Pravda\u017ee, tak\u00fdto scen\u00e1r sa jav\u00ed by\u0165 rozko\u0161nou ut\u00f3piou na plan\u00e9te, kde namiesto t\u00fa\u017eby poznania vl\u00e1dne t\u00fa\u017eba vl\u00e1dnu\u0165. Av\u0161ak pr\u00e1ve tento neut\u00edchaj\u00faci sm\u00e4d po dominancii a vplyve nie je jedin\u00fdm, \u010do n\u00e1m ako \u013eudstvu zviera hrdlo. Presnej\u0161ie povedan\u00e9, mali by sme sa nau\u010di\u0165 ch\u00e1pa\u0165, \u017ee napriek despotick\u00fdm ch\u00fa\u0165kam, ktor\u00e9 sa nosia v horn\u00fdch radoch t\u00fdch, \u010do d\u00e1vaj\u00fa rozkazy, svet ost\u00e1va br\u00e1zden\u00fd aj chodidlami, ktor\u00e9 t\u00fa\u017eia odha\u013eova\u0165 l\u00ednie \u010faleka, roztv\u00e1ra\u0165 obzory \u013eudskej identity a tak sa systematicky pribli\u017eova\u0165 k poznaniu. Moc, re\u00e1lna moc je zakotven\u00e1 v jedincovi samotnom, ktor\u00fd vykro\u010dil k mo\u017enosti odhalenia.\u00a0\u00a0\u00a0\u00a0\u00a0\u00a0\u00a0\u00a0\u00a0\u00a0\u00a0\u00a0 Tak\u00fdto scen\u00e1r n\u00e1m pon\u00faka jedine\u010dn\u00fd dokument Weit (alebo v preklade z nem\u010diny do angli\u010dtiny Far), zrealizovan\u00fd Patrickom Allgaierom, vyplnen\u00fd farbami a zvukmi, \u013eudsk\u00fdmi \u00fasmevmi, nezabudnute\u013enou plej\u00e1dou p\u00f4sobiv\u00fdch uk\u00e1\u017eok, ktor\u00e9 jednozna\u010dne roztv\u00e1raj\u00fa pole \u013eudsk\u00e9ho ch\u00e1pania. Div\u00e1k v jeho preveden\u00ed nach\u00e1dza vkusn\u00fa d\u00e1vku in\u0161pir\u00e1cie, odvahy a v\u00f4le, ktor\u00e9 v ich vz\u00e1jomnom splynut\u00ed nech\u00e1vaj\u00fa vl\u00e1dnu\u0165 len mocn\u00fa t\u00fa\u017ebu po poznan\u00ed. Jeho hlavn\u00fdmi protagonistami je mlad\u00fd nemeck\u00fd p\u00e1r, ktor\u00fd sa rozhodol jedn\u00e9ho d\u0148a opusti\u0165 u\u017e dobre poznan\u00fd \u010cierny les &#8211; m\u00far svojej krajiny a vyd\u00e1va sa smerom na v\u00fdchod. Po troch rokoch sa vracia sp\u00e4\u0165, no u\u017e nie ako dvojica, ale\u00a0 rodinn\u00e9 trio prich\u00e1dzaj\u00face zo z\u00e1padu.                                                                                                                                                                                                                                                                                                                                                                                                "},{"@context":"https:\/\/schema.org\/","@type":"BreadcrumbList","itemListElement":[{"@type":"ListItem","position":1,"name":"Dokument\u00e1rny film ako mo\u017enos\u0165 spozna\u0165 kult\u00farnu diverzitu","item":"https:\/\/www.rkair.sk\/dokumentarny-film-ako-moznost-spoznat-kulturnu-diverzitu\/#breadcrumbitem"}]}]